{"id":1081,"date":"2022-08-30T23:33:42","date_gmt":"2022-08-30T23:33:42","guid":{"rendered":"https:\/\/sandrabenavidescoach.com\/?p=1081"},"modified":"2022-10-06T23:24:49","modified_gmt":"2022-10-06T23:24:49","slug":"actitud-la-clave-del-exito","status":"publish","type":"post","link":"https:\/\/sandrabenavidescoach.com\/index.php\/2022\/08\/30\/actitud-la-clave-del-exito\/","title":{"rendered":"Actitud, la clave del \u00e9xito"},"content":{"rendered":"<p>[et_pb_section fb_built=\u00bb1&#8243; disabled_on=\u00bboff|off|off\u00bb _builder_version=\u00bb4.17.4&#8243; _module_preset=\u00bbdefault\u00bb sticky_position=\u00bbnone\u00bb global_colors_info=\u00bb{}\u00bb][et_pb_row _builder_version=\u00bb4.17.4&#8243; _module_preset=\u00bbdefault\u00bb width=\u00bb69%\u00bb max_width=\u00bb70%\u00bb global_colors_info=\u00bb{}\u00bb][et_pb_column type=\u00bb4_4&#8243; _builder_version=\u00bb4.16.1&#8243; _module_preset=\u00bbdefault\u00bb global_colors_info=\u00bb{}\u00bb][et_pb_post_title date=\u00bboff\u00bb comments=\u00bboff\u00bb featured_image=\u00bboff\u00bb _builder_version=\u00bb4.17.4&#8243; _module_preset=\u00bbdefault\u00bb title_font=\u00bb||||||||\u00bb title_text_align=\u00bbcenter\u00bb title_text_color=\u00bb#DAC079&#8243; title_font_size=\u00bb25px\u00bb title_letter_spacing=\u00bb2px\u00bb meta_font=\u00bb|700|||||||\u00bb meta_text_align=\u00bbcenter\u00bb meta_text_color=\u00bb#DAC079&#8243; text_orientation=\u00bbcenter\u00bb custom_margin=\u00bb||||false|false\u00bb custom_padding=\u00bb30px||||false|false\u00bb global_colors_info=\u00bb{}\u00bb][\/et_pb_post_title][et_pb_image src=\u00bbhttp:\/\/sandrabenavidescoach.com\/wp-content\/uploads\/2022\/08\/Un-buen-consejo.jpg\u00bb alt=\u00bbAsertividad\u00bb title_text=\u00bbUn buen consejo\u00bb align=\u00bbcenter\u00bb _builder_version=\u00bb4.17.4&#8243; _module_preset=\u00bbdefault\u00bb custom_margin=\u00bb||||false|false\u00bb custom_padding=\u00bb20px||20px||false|false\u00bb hover_enabled=\u00bb0&#8243; global_colors_info=\u00bb{}\u00bb sticky_enabled=\u00bb0&#8243;][\/et_pb_image][et_pb_text _builder_version=\u00bb4.17.4&#8243; _module_preset=\u00bbdefault\u00bb custom_padding=\u00bb0px|||50px|false|false\u00bb hover_enabled=\u00bb0&#8243; global_colors_info=\u00bb{}\u00bb sticky_enabled=\u00bb0&#8243;]\u00a1Para hoy un buen consejo que te permitir\u00e1 cumplir las metas que te propongas!<br \/>\n Tu actitud lo cambia todo, determina tus resultados y marca una gran diferencia. Es la predisposici\u00f3n que tenemos a obrar, percibir, comportarnos, pensar y sentir.<br \/>\n Estrategias para tener en cuenta y llevar a la pr\u00e1ctica:<br \/>\n Descubre qu\u00e9 te motiva, rod\u00e9ate de gente positiva, aprende cosas nuevas y nunca pares de crecer intelectualmente.<br \/>\n Visualizaci\u00f3n: Comienza por actuar como si fueras esa persona que quieres ser, te ayudar\u00e1 a mantener una actitud positiva.<br \/>\n Comunicaci\u00f3n interna: La m\u00e1s importante, el poder de tus palabras, lo que te dices. Recuerda, la persona con la que m\u00e1s te comunicas a diario es contigo mismo. \u201cRefuerza tu imagen con una buena comunicaci\u00f3n interior\u201d<br \/>\n[\/et_pb_text][\/et_pb_column][\/et_pb_row][\/et_pb_section][et_pb_section fb_built=\u00bb1&#8243; _builder_version=\u00bb4.17.3&#8243; _module_preset=\u00bbdefault\u00bb background_color=\u00bb#ffffff\u00bb custom_padding=\u00bb0px||||false|false\u00bb sticky_position=\u00bbnone\u00bb locked=\u00bboff\u00bb global_colors_info=\u00bb{}\u00bb][et_pb_row column_structure=\u00bb1_2,1_2&#8243; _builder_version=\u00bb4.17.3&#8243; _module_preset=\u00bbdefault\u00bb custom_padding=\u00bb0px||||false|false\u00bb global_colors_info=\u00bb{}\u00bb][et_pb_column type=\u00bb1_2&#8243; _builder_version=\u00bb4.16.1&#8243; _module_preset=\u00bbdefault\u00bb global_colors_info=\u00bb{}\u00bb][\/et_pb_column][et_pb_column type=\u00bb1_2&#8243; _builder_version=\u00bb4.16.1&#8243; _module_preset=\u00bbdefault\u00bb global_colors_info=\u00bb{}\u00bb][\/et_pb_column][\/et_pb_row][\/et_pb_section]<\/p>\n","protected":false},"excerpt":{"rendered":"<p>\u00a1Para hoy un buen consejo que te permitir\u00e1 cumplir las metas que te propongas! Tu actitud lo cambia todo, determina tus resultados y marca una gran diferencia. Es la predisposici\u00f3n que tenemos a obrar, percibir, comportarnos, pensar y sentir. Estrategias para tener en cuenta y llevar a la pr\u00e1ctica: Descubre qu\u00e9 te motiva, rod\u00e9ate de [&hellip;]<\/p>\n","protected":false},"author":2,"featured_media":1083,"comment_status":"open","ping_status":"open","sticky":false,"template":"","format":"standard","meta":{"_et_pb_use_builder":"on","_et_pb_old_content":"<p>[et_pb_section fb_built=\"1\" disabled_on=\"off|off|off\" _builder_version=\"4.17.4\" _module_preset=\"default\" sticky_position=\"none\" global_colors_info=\"{}\"][et_pb_row _builder_version=\"4.17.4\" _module_preset=\"default\" width=\"69%\" max_width=\"70%\" global_colors_info=\"{}\"][et_pb_column type=\"4_4\" _builder_version=\"4.16.1\" _module_preset=\"default\" global_colors_info=\"{}\"][et_pb_post_title date=\"off\" comments=\"off\" featured_image=\"off\" _builder_version=\"4.17.4\" _module_preset=\"default\" title_font=\"||||||||\" title_text_align=\"center\" title_text_color=\"#DAC079\" title_font_size=\"25px\" title_letter_spacing=\"2px\" meta_font=\"|700|||||||\" meta_text_align=\"center\" meta_text_color=\"#DAC079\" text_orientation=\"center\" custom_margin=\"||||false|false\" custom_padding=\"30px||||false|false\" global_colors_info=\"{}\"][\/et_pb_post_title][et_pb_image src=\"http:\/\/sandrabenavidescoach.com\/wp-content\/uploads\/2022\/07\/pexels-kampus-production-8439682-scaled.jpg\" alt=\"Asertividad\" title_text=\"Asertividad\" align=\"center\" _builder_version=\"4.17.4\" _module_preset=\"default\" custom_margin=\"||||false|false\" custom_padding=\"20px||20px||false|false\" global_colors_info=\"{}\"][\/et_pb_image][et_pb_text _builder_version=\"4.17.4\" _module_preset=\"default\" custom_padding=\"0px|||50px|false|false\" global_colors_info=\"{}\"]Evitar herir a los dem\u00e1s con comentarios, acciones y valores de juicios parecer\u00eda imposible y dif\u00edcil, pero no lo es. \u00bfC\u00f3mo lograrlo?<\/p><p>La asertividad es la capacidad para expresar las necesidades, intereses, posiciones, derechos e ideas propias de manera clara y enf\u00e1tica, sin molestar o llegar a malos entendidos con quienes entablamos relaciones diariamente. El ser asertivos es primordial para llegar de una manera clara y estrat\u00e9gica a nuestro objetivo. En este tema es b\u00e1sico adentrarnos en el \u00e1mbito de la comunicaci\u00f3n teniendo en cuenta que es el proceso m\u00e1s importante de interacci\u00f3n del ser humano, si tus habilidades para comunicar fallan el mensaje podr\u00e1 llegar al receptor de una manera confusa generando conflictos.<\/p><p>La asertividad es un estilo de comunicaci\u00f3n, habilidad fundamental que todos podemos desarrollar sin importar profesi\u00f3n, estilo de vida y otros aspectos que influyen en este campo. El inicio de un buen proceso que nos lleve a la empat\u00eda y respetuoso trato es tomando responsabilidad de tus emociones y practicando el autoconocimiento como principio para entablar relaciones m\u00e1s duraderas y en donde las creencias, emociones y derechos sean validados.<\/p><p>\u00a0[\/et_pb_text][\/et_pb_column][\/et_pb_row][\/et_pb_section][et_pb_section fb_built=\"1\" _builder_version=\"4.17.3\" _module_preset=\"default\" background_color=\"#ffffff\" custom_padding=\"0px||||false|false\" sticky_position=\"none\" locked=\"off\" global_colors_info=\"{}\"][et_pb_row column_structure=\"1_2,1_2\" _builder_version=\"4.17.3\" _module_preset=\"default\" custom_padding=\"0px||||false|false\" global_colors_info=\"{}\"][et_pb_column type=\"1_2\" _builder_version=\"4.16.1\" _module_preset=\"default\" global_colors_info=\"{}\"][\/et_pb_column][et_pb_column type=\"1_2\" _builder_version=\"4.16.1\" _module_preset=\"default\" global_colors_info=\"{}\"][\/et_pb_column][\/et_pb_row][\/et_pb_section]<\/p>","_et_gb_content_width":"","_jetpack_memberships_contains_paid_content":false,"footnotes":""},"categories":[35],"tags":[23,17,18,36,37,25,22,30,24],"class_list":["post-1081","post","type-post","status-publish","format-standard","has-post-thumbnail","hentry","category-comunicaciones","tag-asesoriadeimagen","tag-coachdeestiloeimagen","tag-consultordeimagenbogota","tag-imagenempresarial","tag-imagenprofesional","tag-imagenqueimporta","tag-marcapersonal","tag-style","tag-tuconsultordeimagen"],"jetpack_sharing_enabled":true,"jetpack_featured_media_url":"https:\/\/sandrabenavidescoach.com\/wp-content\/uploads\/2022\/08\/Un-buen-consejo.jpg","_links":{"self":[{"href":"https:\/\/sandrabenavidescoach.com\/index.php\/wp-json\/wp\/v2\/posts\/1081","targetHints":{"allow":["GET"]}}],"collection":[{"href":"https:\/\/sandrabenavidescoach.com\/index.php\/wp-json\/wp\/v2\/posts"}],"about":[{"href":"https:\/\/sandrabenavidescoach.com\/index.php\/wp-json\/wp\/v2\/types\/post"}],"author":[{"embeddable":true,"href":"https:\/\/sandrabenavidescoach.com\/index.php\/wp-json\/wp\/v2\/users\/2"}],"replies":[{"embeddable":true,"href":"https:\/\/sandrabenavidescoach.com\/index.php\/wp-json\/wp\/v2\/comments?post=1081"}],"version-history":[{"count":0,"href":"https:\/\/sandrabenavidescoach.com\/index.php\/wp-json\/wp\/v2\/posts\/1081\/revisions"}],"wp:featuredmedia":[{"embeddable":true,"href":"https:\/\/sandrabenavidescoach.com\/index.php\/wp-json\/wp\/v2\/media\/1083"}],"wp:attachment":[{"href":"https:\/\/sandrabenavidescoach.com\/index.php\/wp-json\/wp\/v2\/media?parent=1081"}],"wp:term":[{"taxonomy":"category","embeddable":true,"href":"https:\/\/sandrabenavidescoach.com\/index.php\/wp-json\/wp\/v2\/categories?post=1081"},{"taxonomy":"post_tag","embeddable":true,"href":"https:\/\/sandrabenavidescoach.com\/index.php\/wp-json\/wp\/v2\/tags?post=1081"}],"curies":[{"name":"wp","href":"https:\/\/api.w.org\/{rel}","templated":true}]}}